{"id":49,"date":"2012-01-17T17:47:09","date_gmt":"2012-01-17T17:47:09","guid":{"rendered":"http:\/\/www.sofiasoarespereira.com\/blog\/?p=49"},"modified":"2012-01-24T00:20:22","modified_gmt":"2012-01-24T00:20:22","slug":"orientacao-escolar-e-profissional-quando-e-porque-e-que-os-alunos-deverao-fazer-psicotecnicos","status":"publish","type":"post","link":"https:\/\/www.sofiasoarespereira.com\/blog\/orientacao-escolar-e-profissional-quando-e-porque-e-que-os-alunos-deverao-fazer-psicotecnicos\/","title":{"rendered":"Orienta\u00e7\u00e3o Escolar e Profissional \u2013 Quando e porque \u00e9 que os alunos dever\u00e3o fazer psicot\u00e9cnicos?"},"content":{"rendered":"<p>A orienta\u00e7\u00e3o escolar e profissional \u00e9 um servi\u00e7o especializado que auxilia o aluno em dois momentos importantes da vida acad\u00e9mica do aluno: 9\u00ba e 12\u00ba ano.<\/p>\n<p>A escolha da profiss\u00e3o \u00e9 das decis\u00f5es mais importantes que os alunos fazem no decorrer do seu percurso escolar, pelo que deve ser uma decis\u00e3o consciente.<\/p>\n<p><span style=\"color: #888888;\"><a href=\"https:\/\/www.sofiasoarespereira.com\/blog\/wp-content\/uploads\/2012\/01\/orientacao_escolar_profissional.jpg\"><span style=\"color: #888888;\"><img decoding=\"async\" class=\"alignleft size-thumbnail wp-image-50\" style=\"margin: 5px;\" title=\"Orienta\u00e7\u00e3o Escolar e Profissional\" src=\"https:\/\/www.sofiasoarespereira.com\/blog\/wp-content\/uploads\/2012\/01\/orientacao_escolar_profissional-150x150.jpg\" alt=\"Orienta\u00e7\u00e3o Escolar e Profissional\" width=\"150\" height=\"150\" \/><\/span><\/a><\/span>Perante a complexidade do sistema educativo portugu\u00eas e as v\u00e1rias possibilidades de sa\u00eddas profissionais que existem os alunos v\u00eaem-se muitas vezes indecisos nesta etapa da sua vida acad\u00e9mica. A pr\u00f3pria realidade em que o pa\u00eds se encontra faz com que esta decis\u00e3o tenha de ser cada vez mais, uma decis\u00e3o consciente, estrat\u00e9gica e decisiva no futuro dos jovens.<\/p>\n<p>Normalmente os alunos recorrem a este servi\u00e7o durante os meses de Mar\u00e7o, Abril e Maio para presta\u00e7\u00e3o de provas, os conhecidos <em>psicot\u00e9cnicos<\/em>, o que n\u00e3o significa que n\u00e3o possam recorrer antes dessa \u00e9poca. Pretende-se com a orienta\u00e7\u00e3o escolar e profissional, que seja tomada uma decis\u00e3o consciente da \u00e1rea em que o aluno poder\u00e1 obter maior satisfa\u00e7\u00e3o pessoal e acad\u00e9mica.<\/p>\n<p>Esta orienta\u00e7\u00e3o assenta numa decis\u00e3o baseada em dois pilares: <strong>as aptid\u00f5es e os interesses. <\/strong>As aptid\u00f5es referem-se \u00e0s capacidades do aluno face a determinadas \u00e1reas num plano de estudos e os interesses referem-se aos gostos por determinadas sa\u00eddas profissionais.<\/p>\n<p>A aplica\u00e7\u00e3o das provas tem a dura\u00e7\u00e3o aproximada de 3 a 4 sess\u00f5es. Avaliam-se as aptid\u00f5es, interesses, personalidade, h\u00e1bitos de estudo, entre outros. S\u00e3o esclarecidas d\u00favidas relativamente a planos de estudos e sa\u00eddas profissionais. No final, os resultados s\u00e3o apresentados ao aluno e pretende-se que este tome uma decis\u00e3o sobre a \u00e1rea que ir\u00e1 escolher.<\/p>\n<p>Uma boa orienta\u00e7\u00e3o vocacional \u00e9 o ponto-chave em que s\u00e3o colocados os alicerces para trilhar o caminho a percorrer at\u00e9 \u00e0 empregabilidade.<\/p>\n<p>Primeira publica\u00e7\u00e3o: \u00a0<a href=\"http:\/\/www.sitiodamulher.com\/quando-e-porque-e-que-o-meu-filho-devera-fazer-psicotecnicos\">http:\/\/www.sitiodamulher.com\/quando-e-porque-e-que-o-meu-filho-devera-fazer-psicotecnicos<\/a><\/p>\n","protected":false},"excerpt":{"rendered":"<p>A orienta\u00e7\u00e3o escolar e profissional \u00e9 um servi\u00e7o especializado que auxilia o aluno em dois momentos importantes da vida acad\u00e9mica do aluno: 9\u00ba e 12\u00ba ano. A escolha da profiss\u00e3o \u00e9 das decis\u00f5es mais importantes que os alunos fazem no decorrer do seu percurso escolar, pelo que deve ser uma decis\u00e3o consciente. Perante a complexidade [&hellip;]<\/p>\n","protected":false},"author":1,"featured_media":0,"comment_status":"open","ping_status":"open","sticky":false,"template":"","format":"standard","meta":{"footnotes":""},"categories":[3],"tags":[],"acf":[],"_links":{"self":[{"href":"https:\/\/www.sofiasoarespereira.com\/blog\/wp-json\/wp\/v2\/posts\/49"}],"collection":[{"href":"https:\/\/www.sofiasoarespereira.com\/blog\/wp-json\/wp\/v2\/posts"}],"about":[{"href":"https:\/\/www.sofiasoarespereira.com\/blog\/wp-json\/wp\/v2\/types\/post"}],"author":[{"embeddable":true,"href":"https:\/\/www.sofiasoarespereira.com\/blog\/wp-json\/wp\/v2\/users\/1"}],"replies":[{"embeddable":true,"href":"https:\/\/www.sofiasoarespereira.com\/blog\/wp-json\/wp\/v2\/comments?post=49"}],"version-history":[{"count":11,"href":"https:\/\/www.sofiasoarespereira.com\/blog\/wp-json\/wp\/v2\/posts\/49\/revisions"}],"predecessor-version":[{"id":91,"href":"https:\/\/www.sofiasoarespereira.com\/blog\/wp-json\/wp\/v2\/posts\/49\/revisions\/91"}],"wp:attachment":[{"href":"https:\/\/www.sofiasoarespereira.com\/blog\/wp-json\/wp\/v2\/media?parent=49"}],"wp:term":[{"taxonomy":"category","embeddable":true,"href":"https:\/\/www.sofiasoarespereira.com\/blog\/wp-json\/wp\/v2\/categories?post=49"},{"taxonomy":"post_tag","embeddable":true,"href":"https:\/\/www.sofiasoarespereira.com\/blog\/wp-json\/wp\/v2\/tags?post=49"}],"curies":[{"name":"wp","href":"https:\/\/api.w.org\/{rel}","templated":true}]}}